{"id":9603,"date":"2026-03-11T01:25:14","date_gmt":"2026-03-11T06:25:14","guid":{"rendered":"https:\/\/ibero4jobs.com\/?p=9603"},"modified":"2026-03-11T11:27:28","modified_gmt":"2026-03-11T16:27:28","slug":"encerramento-do-projeto-e-cumprimento-dos-indicadores-2","status":"publish","type":"post","link":"https:\/\/ibero4jobs.com\/pt\/encerramento-do-projeto-e-cumprimento-dos-indicadores-2\/","title":{"rendered":"Encerramento do projeto e cumprimento dos indicadores"},"content":{"rendered":"<p>Ap\u00f3s 36 meses de trabalho colaborativo entre universidades da Europa e da Am\u00e9rica Latina, celebramos o cumprimento de 100% dos indicadores do projeto \u2705.<\/p>\n<p>Algumas das realiza\u00e7\u00f5es mais not\u00e1veis:<\/p>\n<p>\ud83c\udf93887 estudantes beneficiaram de estrat\u00e9gias de empregabilidade.<\/p>\n<p>4 universidades latino-americanas articuladas sob uma metodologia comum.<\/p>\n<p>58 empresas participantes que colaboram na forma\u00e7\u00e3o e na resolu\u00e7\u00e3o de desafios reais.<\/p>\n<p>17 solu\u00e7\u00f5es desenvolvidas por equipas multidisciplinares.<\/p>\n<p>10 programas acad\u00e9micos transformados.<\/p>\n<p>15 eventos de lan\u00e7amento e socializa\u00e7\u00e3o.<\/p>\n<p>Estes resultados reflectem o poder da colabora\u00e7\u00e3o internacional, da inova\u00e7\u00e3o educativa e das liga\u00e7\u00f5es com o sector produtivo para refor\u00e7ar a empregabilidade dos jovens.<\/p>\n<p>\ud83c\udf0dObrigado a todas as institui\u00e7\u00f5es, professores, alunos e empresas que tornaram poss\u00edvel este impacto.<\/p>\n<p>\ud83c\uddea\ud83c\uddfaFunded pela Uni\u00e3o Europeia.<\/p>\n<p>Cons\u00f3rcio Ibero4Jobs:<\/p>\n<p>\ud83c\udde8\ud83c\uddf4 Universidade de Caldas.<\/p>\n<p>\ud83c\udde8\ud83c\uddf4 Universidad Aut\u00f3noma de Manizales - UAM.<\/p>\n<p>\ud83c\uddf2\ud83c\uddfd Universidad Aut\u00f3noma de Nayarit.<\/p>\n<p>\ud83c\uddf2\ud83c\uddfd Universidad Tecnol\u00f3gica de Nayarit.<\/p>\n<p>\ud83c\uddea\ud83c\uddf8 Universidade de Vigo.<\/p>\n<p>\ud83c\uddf5\ud83c\uddf9 Polit\u00e9cnico do Porto.<\/p>\n<p>\ud83c\uddea\ud83c\uddf8 funda\u00e7\u00e3o ronsel.<\/p>\n<p>\ud83c\udde8\ud83c\uddf4 Funda\u00e7\u00e3o Luker.<\/p>\n<p>\ud83c\udde8\ud83c\uddf4 C\u00e2mara de Com\u00e9rcio de Manizales para Caldas.<\/p>\n<p>Ibero4Empregos #Educa\u00e7\u00e3o #Empregabilidade #Inova\u00e7\u00e3oEduca\u00e7\u00e3o #Coopera\u00e7\u00e3oInternacional<\/p>","protected":false},"excerpt":{"rendered":"<p>Ap\u00f3s 36 meses de trabalho colaborativo entre universidades da Europa e da Am\u00e9rica Latina, celebramos o cumprimento de 100% dos indicadores do projeto \u2705 \ud83d\udcca Algumas das realiza\u00e7\u00f5es mais marcantes: \ud83c\udf93887 estudantes beneficiaram de estrat\u00e9gias de empregabilidade. 4 universidades latino-americanas articuladas sob uma metodologia comum. \ud83e\udd1d 58 empresas participantes colaborando na forma\u00e7\u00e3o e [...]<\/p>","protected":false},"author":10,"featured_media":9583,"comment_status":"open","ping_status":"open","sticky":false,"template":"","format":"standard","meta":{"_monsterinsights_skip_tracking":false,"_monsterinsights_sitenote_active":false,"_monsterinsights_sitenote_note":"","_monsterinsights_sitenote_category":0,"footnotes":""},"categories":[142],"tags":[],"class_list":["post-9603","post","type-post","status-publish","format-standard","has-post-thumbnail","hentry","category-resultados"],"_links":{"self":[{"href":"https:\/\/ibero4jobs.com\/pt\/wp-json\/wp\/v2\/posts\/9603","targetHints":{"allow":["GET"]}}],"collection":[{"href":"https:\/\/ibero4jobs.com\/pt\/wp-json\/wp\/v2\/posts"}],"about":[{"href":"https:\/\/ibero4jobs.com\/pt\/wp-json\/wp\/v2\/types\/post"}],"author":[{"embeddable":true,"href":"https:\/\/ibero4jobs.com\/pt\/wp-json\/wp\/v2\/users\/10"}],"replies":[{"embeddable":true,"href":"https:\/\/ibero4jobs.com\/pt\/wp-json\/wp\/v2\/comments?post=9603"}],"version-history":[{"count":1,"href":"https:\/\/ibero4jobs.com\/pt\/wp-json\/wp\/v2\/posts\/9603\/revisions"}],"predecessor-version":[{"id":9604,"href":"https:\/\/ibero4jobs.com\/pt\/wp-json\/wp\/v2\/posts\/9603\/revisions\/9604"}],"wp:featuredmedia":[{"embeddable":true,"href":"https:\/\/ibero4jobs.com\/pt\/wp-json\/wp\/v2\/media\/9583"}],"wp:attachment":[{"href":"https:\/\/ibero4jobs.com\/pt\/wp-json\/wp\/v2\/media?parent=9603"}],"wp:term":[{"taxonomy":"category","embeddable":true,"href":"https:\/\/ibero4jobs.com\/pt\/wp-json\/wp\/v2\/categories?post=9603"},{"taxonomy":"post_tag","embeddable":true,"href":"https:\/\/ibero4jobs.com\/pt\/wp-json\/wp\/v2\/tags?post=9603"}],"curies":[{"name":"wp","href":"https:\/\/api.w.org\/{rel}","templated":true}]}}