{"id":9603,"date":"2026-03-11T01:25:14","date_gmt":"2026-03-11T06:25:14","guid":{"rendered":"https:\/\/ibero4jobs.com\/?p=9603"},"modified":"2026-03-11T11:27:28","modified_gmt":"2026-03-11T16:27:28","slug":"cierre-de-proyecto-y-cumplimiento-de-indicadores-2","status":"publish","type":"post","link":"https:\/\/ibero4jobs.com\/es\/cierre-de-proyecto-y-cumplimiento-de-indicadores-2\/","title":{"rendered":"Cierre de proyecto y cumplimiento de indicadores"},"content":{"rendered":"<p>Despu\u00e9s de 36 meses de trabajo colaborativo entre universidades de Europa y Latinoam\u00e9rica, celebramos el cumplimiento del 100% de los indicadores del proyecto \u2705<\/p>\n<p>\ud83d\udcca Algunos de los logros m\u00e1s destacados:<\/p>\n<p>\ud83c\udf93887 estudiantes beneficiados con estrategias de empleabilidad.<\/p>\n<p>\ud83c\udfeb 4 universidades latinoamericanas articuladas bajo una metodolog\u00eda com\u00fan.<\/p>\n<p>\ud83e\udd1d 58 empresas participantes colaborando en formaci\u00f3n y soluci\u00f3n de retos reales.<\/p>\n<p>\ud83d\udca1 17 soluciones desarrolladas por equipos multidisciplinarios.<\/p>\n<p>\ud83d\udcda 10 programas acad\u00e9micos transformados.<\/p>\n<p>\ud83d\udce2 15 eventos de lanzamiento y socializaci\u00f3n.<\/p>\n<p>Estos resultados reflejan el poder de la colaboraci\u00f3n internacional, la innovaci\u00f3n educativa y la vinculaci\u00f3n con el sector productivo para fortalecer la empleabilidad de los j\u00f3venes.<\/p>\n<p>\ud83c\udf0dGracias a todas las instituciones, docentes, estudiantes y empresas que hicieron posible este impacto.<\/p>\n<p>\ud83c\uddea\ud83c\uddfaFunded by the European Union.<\/p>\n<p>\ud83e\udd1d Consorcio Ibero4Jobs:<\/p>\n<p>\ud83c\udde8\ud83c\uddf4 Universidad de Caldas.<\/p>\n<p>\ud83c\udde8\ud83c\uddf4 Universidad Aut\u00f3noma de Manizales &#8211; UAM.<\/p>\n<p>\ud83c\uddf2\ud83c\uddfd Universidad Aut\u00f3noma de Nayarit.<\/p>\n<p>\ud83c\uddf2\ud83c\uddfd Universidad Tecnol\u00f3gica de Nayarit.<\/p>\n<p>\ud83c\uddea\ud83c\uddf8 Universidade de Vigo.<\/p>\n<p>\ud83c\uddf5\ud83c\uddf9 Polit\u00e9cnico do Porto.<\/p>\n<p>\ud83c\uddea\ud83c\uddf8 fundaci\u00f3n ronsel.<\/p>\n<p>\ud83c\udde8\ud83c\uddf4 Fundaci\u00f3n Luker.<\/p>\n<p>\ud83c\udde8\ud83c\uddf4 C\u00e1mara de Comercio de Manizales por Caldas.<\/p>\n<p>Ibero4Jobs #Educaci\u00f3n #Empleabilidad #Innovaci\u00f3nEducativa #Cooperaci\u00f3nInternacional<\/p>\n","protected":false},"excerpt":{"rendered":"<p>Despu\u00e9s de 36 meses de trabajo colaborativo entre universidades de Europa y Latinoam\u00e9rica, celebramos el cumplimiento del 100% de los indicadores del proyecto \u2705 \ud83d\udcca Algunos de los logros m\u00e1s destacados: \ud83c\udf93887 estudiantes beneficiados con estrategias de empleabilidad. \ud83c\udfeb 4 universidades latinoamericanas articuladas bajo una metodolog\u00eda com\u00fan. \ud83e\udd1d 58 empresas participantes colaborando en formaci\u00f3n y [&hellip;]<\/p>\n","protected":false},"author":10,"featured_media":9583,"comment_status":"open","ping_status":"open","sticky":false,"template":"","format":"standard","meta":{"_monsterinsights_skip_tracking":false,"_monsterinsights_sitenote_active":false,"_monsterinsights_sitenote_note":"","_monsterinsights_sitenote_category":0,"footnotes":""},"categories":[142],"tags":[],"class_list":["post-9603","post","type-post","status-publish","format-standard","has-post-thumbnail","hentry","category-resultados"],"_links":{"self":[{"href":"https:\/\/ibero4jobs.com\/es\/wp-json\/wp\/v2\/posts\/9603","targetHints":{"allow":["GET"]}}],"collection":[{"href":"https:\/\/ibero4jobs.com\/es\/wp-json\/wp\/v2\/posts"}],"about":[{"href":"https:\/\/ibero4jobs.com\/es\/wp-json\/wp\/v2\/types\/post"}],"author":[{"embeddable":true,"href":"https:\/\/ibero4jobs.com\/es\/wp-json\/wp\/v2\/users\/10"}],"replies":[{"embeddable":true,"href":"https:\/\/ibero4jobs.com\/es\/wp-json\/wp\/v2\/comments?post=9603"}],"version-history":[{"count":1,"href":"https:\/\/ibero4jobs.com\/es\/wp-json\/wp\/v2\/posts\/9603\/revisions"}],"predecessor-version":[{"id":9604,"href":"https:\/\/ibero4jobs.com\/es\/wp-json\/wp\/v2\/posts\/9603\/revisions\/9604"}],"wp:featuredmedia":[{"embeddable":true,"href":"https:\/\/ibero4jobs.com\/es\/wp-json\/wp\/v2\/media\/9583"}],"wp:attachment":[{"href":"https:\/\/ibero4jobs.com\/es\/wp-json\/wp\/v2\/media?parent=9603"}],"wp:term":[{"taxonomy":"category","embeddable":true,"href":"https:\/\/ibero4jobs.com\/es\/wp-json\/wp\/v2\/categories?post=9603"},{"taxonomy":"post_tag","embeddable":true,"href":"https:\/\/ibero4jobs.com\/es\/wp-json\/wp\/v2\/tags?post=9603"}],"curies":[{"name":"wp","href":"https:\/\/api.w.org\/{rel}","templated":true}]}}