{"id":8964,"date":"2024-09-19T13:20:33","date_gmt":"2024-09-19T18:20:33","guid":{"rendered":"https:\/\/ibero4jobs.com\/?p=8964"},"modified":"2024-09-19T13:20:33","modified_gmt":"2024-09-19T18:20:33","slug":"https-www-autonoma-edu-co-blog-noticias-ibero4jobs-potencia-la-creacion-de-desafios-y-retos-empresariales-en-manizales","status":"publish","type":"post","link":"https:\/\/ibero4jobs.com\/es\/https-www-autonoma-edu-co-blog-noticias-ibero4jobs-potencia-la-creacion-de-desafios-y-retos-empresariales-en-manizales\/","title":{"rendered":"Ibero4jobs potencia la creaci\u00f3n de desaf\u00edos y retos empresariales en Manizales"},"content":{"rendered":"<section class=\"wpb-content-wrapper\"><div class=\"vc_row wpb_row vc_row-fluid\"><div class=\"wpb_column vc_column_container vc_col-sm-12\"><div class=\"vc_column-inner\"><div class=\"wpb_wrapper\">\n\t<div class=\"wpb_text_column wpb_content_element \" >\n\t\t<div class=\"wpb_wrapper\">\n\t\t\t<p>La C\u00e1mara de Comercio de Manizales por Caldas y la Universidad Aut\u00f3noma de Manizales (UAM) han dado un paso significativo en el fortalecimiento de la empleabilidad en la regi\u00f3n a trav\u00e9s del proyecto Ibero4jobs.<\/p>\n<p>Recientemente, se llev\u00f3 a cabo el taller \u201cC\u00f3mo crear desaf\u00edos y retos empresariales\u201d en las instalaciones de NeuroCity Laboratorio de Creatividad e Innovaci\u00f3n, con la participaci\u00f3n activa de empresarios, docentes investigadoras de la UAM y personal de la C\u00e1mara de Comercio.<\/p>\n<p>El taller marc\u00f3 el inicio de acciones concretas para el programa UAM Dual Skills, una iniciativa que transformar\u00e1 seis problem\u00e1ticas empresariales en desaf\u00edos estrat\u00e9gicos para los pr\u00f3ximos bootcamps. Este programa piloto, liderado por Juliette Agamez Triana, coordinadora del Centro de Estudios Virtuales e Innovaci\u00f3n Educativa &#8211; Heur\u00edstica de la UAM, busca integrar los sectores empresarial, gremial y acad\u00e9mico para mejorar las competencias tanto duras como blandas de los estudiantes, prepar\u00e1ndolos para los retos del mercado laboral actual.<\/p>\n<p>\u201cLa meta es conectar las necesidades de los empresarios con las capacidades de formaci\u00f3n que ofrece la universidad, para que los estudiantes puedan desarrollar habilidades blandas y t\u00e9cnicas directamente alineadas con lo que demanda el mercado,\u201d explic\u00f3 Agamez Triana.<\/p>\n<p><a href=\"https:\/\/www.autonoma.edu.co\/blog\/noticias\/ibero4jobs-potencia-la-creacion-de-desafios-y-retos-empresariales-en-manizales\" target=\"_blank\" rel=\"noopener\">Ver Noticia<\/a><\/p>\n\n\t\t<\/div>\n\t<\/div>\n<\/div><\/div><\/div><\/div>\n<\/section>","protected":false},"excerpt":{"rendered":"<p>Conoce m\u00e1s sobre esta noticia<\/p>\n","protected":false},"author":10,"featured_media":8807,"comment_status":"closed","ping_status":"closed","sticky":false,"template":"","format":"standard","meta":{"_monsterinsights_skip_tracking":false,"_monsterinsights_sitenote_active":false,"_monsterinsights_sitenote_note":"","_monsterinsights_sitenote_category":0,"footnotes":""},"categories":[125],"tags":[126],"class_list":["post-8964","post","type-post","status-publish","format-standard","has-post-thumbnail","hentry","category-noticias","tag-noticias"],"_links":{"self":[{"href":"https:\/\/ibero4jobs.com\/es\/wp-json\/wp\/v2\/posts\/8964","targetHints":{"allow":["GET"]}}],"collection":[{"href":"https:\/\/ibero4jobs.com\/es\/wp-json\/wp\/v2\/posts"}],"about":[{"href":"https:\/\/ibero4jobs.com\/es\/wp-json\/wp\/v2\/types\/post"}],"author":[{"embeddable":true,"href":"https:\/\/ibero4jobs.com\/es\/wp-json\/wp\/v2\/users\/10"}],"replies":[{"embeddable":true,"href":"https:\/\/ibero4jobs.com\/es\/wp-json\/wp\/v2\/comments?post=8964"}],"version-history":[{"count":1,"href":"https:\/\/ibero4jobs.com\/es\/wp-json\/wp\/v2\/posts\/8964\/revisions"}],"predecessor-version":[{"id":8965,"href":"https:\/\/ibero4jobs.com\/es\/wp-json\/wp\/v2\/posts\/8964\/revisions\/8965"}],"wp:featuredmedia":[{"embeddable":true,"href":"https:\/\/ibero4jobs.com\/es\/wp-json\/wp\/v2\/media\/8807"}],"wp:attachment":[{"href":"https:\/\/ibero4jobs.com\/es\/wp-json\/wp\/v2\/media?parent=8964"}],"wp:term":[{"taxonomy":"category","embeddable":true,"href":"https:\/\/ibero4jobs.com\/es\/wp-json\/wp\/v2\/categories?post=8964"},{"taxonomy":"post_tag","embeddable":true,"href":"https:\/\/ibero4jobs.com\/es\/wp-json\/wp\/v2\/tags?post=8964"}],"curies":[{"name":"wp","href":"https:\/\/api.w.org\/{rel}","templated":true}]}}