{"id":8733,"date":"2023-09-06T19:02:01","date_gmt":"2023-09-07T00:02:01","guid":{"rendered":"https:\/\/ibero4jobs.com\/?p=8733"},"modified":"2023-10-06T17:27:11","modified_gmt":"2023-10-06T22:27:11","slug":"universidad-tecnologica-de-nayarit-4","status":"publish","type":"post","link":"https:\/\/ibero4jobs.com\/es\/universidad-tecnologica-de-nayarit-4\/","title":{"rendered":"Universidad Tecnol\u00f3gica de Nayarit"},"content":{"rendered":"<section class=\"wpb-content-wrapper\"><div class=\"vc_row wpb_row vc_row-fluid\"><div class=\"wpb_column vc_column_container vc_col-sm-12\"><div class=\"vc_column-inner\"><div class=\"wpb_wrapper\">\n\t<div class=\"wpb_text_column wpb_content_element \" >\n\t\t<div class=\"wpb_wrapper\">\n\t\t\t<div dir=\"auto\">Como parte de la agenda de trabajo del proyecto internacional Ibero4Jobs del programa ERASMUS de la Uni\u00f3n Europea, se llevaron a cabo en la UT de Nayarit, diversos Focus Group con la finalidad de recabar informaci\u00f3n de estudiantes, docentes, egresados, empresarios e instituciones de gobierno, para la realizaci\u00f3n de un diagn\u00f3stico que habr\u00e1 de trazar la ruta a seguir y fortalecer los aspectos de la vinculaci\u00f3n entre Universidad-Empresa-Gobierno.<\/div>\n<p><a href=\"https:\/\/www.facebook.com\/story.php?story_fbid=pfbid0tky5DykFZEJgUMVXk3xK3kMZZFTuEY6MhoeiXLo1HZBM326geKWe4P4E1K4tdyYXl&amp;id=100064625896314&amp;mibextid=qC1gEa\" target=\"_blank\" rel=\"noopener\">Ver Noticia<\/a><\/p>\n\n\t\t<\/div>\n\t<\/div>\n<\/div><\/div><\/div><\/div>\n<\/section>","protected":false},"excerpt":{"rendered":"<p>Conoce m\u00e1s sobre esta noticia<\/p>\n","protected":false},"author":9,"featured_media":8735,"comment_status":"closed","ping_status":"closed","sticky":false,"template":"","format":"standard","meta":{"_monsterinsights_skip_tracking":false,"_monsterinsights_sitenote_active":false,"_monsterinsights_sitenote_note":"","_monsterinsights_sitenote_category":0,"footnotes":""},"categories":[125],"tags":[126],"class_list":["post-8733","post","type-post","status-publish","format-standard","has-post-thumbnail","hentry","category-noticias","tag-noticias"],"_links":{"self":[{"href":"https:\/\/ibero4jobs.com\/es\/wp-json\/wp\/v2\/posts\/8733","targetHints":{"allow":["GET"]}}],"collection":[{"href":"https:\/\/ibero4jobs.com\/es\/wp-json\/wp\/v2\/posts"}],"about":[{"href":"https:\/\/ibero4jobs.com\/es\/wp-json\/wp\/v2\/types\/post"}],"author":[{"embeddable":true,"href":"https:\/\/ibero4jobs.com\/es\/wp-json\/wp\/v2\/users\/9"}],"replies":[{"embeddable":true,"href":"https:\/\/ibero4jobs.com\/es\/wp-json\/wp\/v2\/comments?post=8733"}],"version-history":[{"count":1,"href":"https:\/\/ibero4jobs.com\/es\/wp-json\/wp\/v2\/posts\/8733\/revisions"}],"predecessor-version":[{"id":8736,"href":"https:\/\/ibero4jobs.com\/es\/wp-json\/wp\/v2\/posts\/8733\/revisions\/8736"}],"wp:featuredmedia":[{"embeddable":true,"href":"https:\/\/ibero4jobs.com\/es\/wp-json\/wp\/v2\/media\/8735"}],"wp:attachment":[{"href":"https:\/\/ibero4jobs.com\/es\/wp-json\/wp\/v2\/media?parent=8733"}],"wp:term":[{"taxonomy":"category","embeddable":true,"href":"https:\/\/ibero4jobs.com\/es\/wp-json\/wp\/v2\/categories?post=8733"},{"taxonomy":"post_tag","embeddable":true,"href":"https:\/\/ibero4jobs.com\/es\/wp-json\/wp\/v2\/tags?post=8733"}],"curies":[{"name":"wp","href":"https:\/\/api.w.org\/{rel}","templated":true}]}}